{"id":2303,"date":"2025-04-10T14:36:58","date_gmt":"2025-04-10T14:36:58","guid":{"rendered":"https:\/\/alexmirkhan.com\/?p=2303"},"modified":"2025-04-10T14:36:58","modified_gmt":"2025-04-10T14:36:58","slug":"la-irena-cree-que-eeuu-no-renunciara-a-las-energias-renovables-por-su-competitividad","status":"publish","type":"post","link":"https:\/\/alexmirkhan.com\/es\/la-irena-cree-que-eeuu-no-renunciara-a-las-energias-renovables-por-su-competitividad\/","title":{"rendered":"La Irena cree que EEUU no renunciar\u00e1 a las energ\u00edas renovables por su competitividad"},"content":{"rendered":"<p>Brasilia, 14 feb (EFE).- A pesar de la intenci\u00f3n del presidente estadounidense, Donald Trump, de potenciar la explotaci\u00f3n de recursos f\u00f3siles, Estados Unidos no renunciar\u00e1 a las inversiones en fuentes renovables por su competitividad, afirm\u00f3 el director general de la Agencia Internacional de Energ\u00edas Renovables (Irena), Francesco La Camera.<\/p>\n\n\n\n<p>La Camera, que se encuentra de visita en Brasil, apunt\u00f3 que el contexto energ\u00e9tico actual es muy distinto al de hace ocho a\u00f1os, cuando Trump asumi\u00f3 la presidencia por primera vez, y subray\u00f3 que ahora las renovables ofrecen una rentabilidad econ\u00f3mica que las hace imprescindibles.<\/p>\n\n\n\n<p>&#8220;Antes, las fuentes renovables eran una posibilidad, pero ahora son una certeza, y no creo que Estados Unidos acepte perder competitividad en el sector el\u00e9ctrico&#8221;, afirm\u00f3 La Camera en una entrevista a EFE.<\/p>\n\n\n\n<p>La expectativa de la Irena es que el mayor productor de petr\u00f3leo del mundo mantenga sus inversiones y supere en los pr\u00f3ximos a\u00f1os el actual \u00edndice de contribuci\u00f3n de las energ\u00edas renovables (27 %) en su matriz energ\u00e9tica.<\/p>\n\n\n\n<p>Bajo la perspectiva de La Camera, la motivaci\u00f3n no ser\u00eda necesariamente el compromiso con la reducci\u00f3n del calentamiento global, sino la perspectiva de obtener ventajas comerciales y una mayor competitividad.<\/p>\n\n\n\n<p>&#8220;Creo que ning\u00fan pa\u00eds va a renunciar a la competitividad frente a las fuentes renovables, porque el mercado ya ha tomado una decisi\u00f3n clara. El sistema productivo e industrial actual se alimenta cada vez m\u00e1s de renovables&#8221;, se\u00f1al\u00f3.<\/p>\n\n\n\n<p>El Gobierno de Trump ha anunciado una revisi\u00f3n de las pol\u00edticas de incentivos a las energ\u00edas renovables y, en especial, ha ordenado cortar las inversiones en energ\u00eda e\u00f3lica en alto mar.<\/p>\n\n\n\n<p>No obstante, La Camera advierte que los efectos de estas medidas a\u00fan son inciertos y que &#8220;las grandes corporaciones estadounidenses no van a seguir necesariamente la orientaci\u00f3n de Trump&#8221;.<\/p>\n\n\n\n<p>La Irena, que cuenta con m\u00e1s de 170 pa\u00edses miembros, mantiene la esperanza de repetir la buena relaci\u00f3n que ya tuvo con el Gobierno de Trump en el pasado.<\/p>\n\n\n\n<figure class=\"wp-block-image\"><img decoding=\"async\" src=\"https:\/\/s.yimg.com\/ny\/api\/res\/1.2\/6.EKSZVyZJwHASQEN4Cpgw--\/YXBwaWQ9aGlnaGxhbmRlcjt3PTk2MDtoPTY0MA--\/https:\/\/media.zenfs.com\/es\/efe.es\/617e10d77b87e7edad627e867c0c923c\" alt=\"\"\/><\/figure>\n\n\n\n<p>&#8220;Ya trabajamos de manera efectiva antes y creo que eso volver\u00e1 a suceder, pero veremos&#8221;, concluy\u00f3 La Camera, adelantando su intenci\u00f3n de visitar EE.UU. en breve para estrechar lazos con representantes de la nueva administraci\u00f3n.<\/p>\n\n\n\n<p>El liderazgo de Brasil en transformaci\u00f3n energ\u00e9tica<\/p>\n\n\n\n<p>La Camera se encuentra en Brasil para cerrar los flecos del proceso de adhesi\u00f3n del pa\u00eds a la Irena, que se interrumpi\u00f3 con el expresidente Jair Bolsonaro y se retom\u00f3 el pasado enero.<\/p>\n\n\n\n<p>La adhesi\u00f3n de Brasil, seg\u00fan La Camera, es esencial para apoyar los esfuerzos para duplicar o incluso triplicar la generaci\u00f3n de energ\u00eda renovable en el mundo hasta 2030, dada la &#8220;historia de \u00e9xito&#8221; del pa\u00eds suramericano para atraer inversiones al sector de las renovables.<\/p>\n\n\n\n<p>El director de la Irena, aunque valor\u00f3 las iniciativas para ampliar las matrices renovables en Brasil, rechaz\u00f3 ser cr\u00edtico con la apuesta del Gobierno de Luiz In\u00e1cio Lula da Silva por mantener las inversiones en energ\u00edas f\u00f3siles.<\/p>\n\n\n\n<p>&#8220;Nunca hemos pedido que se cierren plantas de petr\u00f3leo y gas, porque para nosotros lo importante es que cualquier mix que el pa\u00eds elija sea consistente con mantener una trayectoria que nos impida alcanzar un aumento de temperatura de 1,5 grados cent\u00edgrados a finales de siglo&#8221;, subray\u00f3.<\/p>\n\n\n\n<p>Adem\u00e1s, se\u00f1al\u00f3, Brasil tendr\u00e1 la oportunidad de ejercer su liderazgo en la agenda clim\u00e1tica mundial al acoger la Conferencia de las Naciones Unidas sobre el Cambio Clim\u00e1tico (COP30) en noviembre de este a\u00f1o en la regi\u00f3n amaz\u00f3nica.<\/p>\n\n\n\n<p>Seg\u00fan La Camara, dos temas deber\u00edan ocupar un lugar central en la pr\u00f3xima edici\u00f3n de la COP30: la presentaci\u00f3n de las Contribuciones Determinadas a Nivel Nacional, &#8220;por lo que es importante que la COP presione a los pa\u00edses para que presenten objetivos ambiciosos&#8221;, y los debates sobre bioenerg\u00eda, &#8220;que no ha sido un tema muy destacado en los \u00faltimos a\u00f1os&#8221;.<\/p>\n\n\n\n<p>Alex Mirkhan<\/p>\n\n\n\n<figure class=\"wp-block-image\"><img decoding=\"async\" src=\"https:\/\/s.yimg.com\/ny\/api\/res\/1.2\/z5mWcd3ST9M9EMiPfk4ogA--\/YXBwaWQ9aGlnaGxhbmRlcjt3PTk2MDtoPTY0MA--\/https:\/\/media.zenfs.com\/es\/efe.es\/4814e03464d9b8cc0ab2d9d4e8417244\" alt=\"\"\/><\/figure>","protected":false},"excerpt":{"rendered":"<p>Brasilia, 14 feb (EFE).- A pesar de la intenci\u00f3n del presidente estadounidense, Donald Trump, de potenciar la explotaci\u00f3n de recursos f\u00f3siles, Estados Unidos no renunciar\u00e1 a las inversiones en fuentes renovables por su competitividad, afirm\u00f3 el director general de la Agencia Internacional de Energ\u00edas Renovables (Irena), Francesco La Camera. La Camera, que se encuentra de [&hellip;]<\/p>","protected":false},"author":1,"featured_media":2304,"comment_status":"open","ping_status":"open","sticky":false,"template":"","format":"standard","meta":{"site-sidebar-layout":"default","site-content-layout":"","ast-site-content-layout":"default","site-content-style":"default","site-sidebar-style":"default","ast-global-header-display":"","ast-banner-title-visibility":"","ast-main-header-display":"","ast-hfb-above-header-display":"","ast-hfb-below-header-display":"","ast-hfb-mobile-header-display":"","site-post-title":"","ast-breadcrumbs-content":"","ast-featured-img":"","footer-sml-layout":"","theme-transparent-header-meta":"","adv-header-id-meta":"","stick-header-meta":"","header-above-stick-meta":"","header-main-stick-meta":"","header-below-stick-meta":"","astra-migrate-meta-layouts":"set","ast-page-background-enabled":"default","ast-page-background-meta":{"desktop":{"background-color":"var(--ast-global-color-4)","background-image":"","background-repeat":"repeat","background-position":"center center","background-size":"auto","background-attachment":"scroll","background-type":"","background-media":"","overlay-type":"","overlay-color":"","overlay-gradient":""},"tablet":{"background-color":"","background-image":"","background-repeat":"repeat","background-position":"center center","background-size":"auto","background-attachment":"scroll","background-type":"","background-media":"","overlay-type":"","overlay-color":"","overlay-gradient":""},"mobile":{"background-color":"","background-image":"","background-repeat":"repeat","background-position":"center center","background-size":"auto","background-attachment":"scroll","background-type":"","background-media":"","overlay-type":"","overlay-color":"","overlay-gradient":""}},"ast-content-background-meta":{"desktop":{"background-color":"var(--ast-global-color-5)","background-image":"","background-repeat":"repeat","background-position":"center center","background-size":"auto","background-attachment":"scroll","background-type":"","background-media":"","overlay-type":"","overlay-color":"","overlay-gradient":""},"tablet":{"background-color":"var(--ast-global-color-5)","background-image":"","background-repeat":"repeat","background-position":"center center","background-size":"auto","background-attachment":"scroll","background-type":"","background-media":"","overlay-type":"","overlay-color":"","overlay-gradient":""},"mobile":{"background-color":"var(--ast-global-color-5)","background-image":"","background-repeat":"repeat","background-position":"center center","background-size":"auto","background-attachment":"scroll","background-type":"","background-media":"","overlay-type":"","overlay-color":"","overlay-gradient":""}},"footnotes":""},"categories":[23],"tags":[21,20,22],"class_list":["post-2303","post","type-post","status-publish","format-standard","has-post-thumbnail","hentry","category-ecologia","tag-eeuu","tag-energias-renovables","tag-irene"],"rttpg_featured_image_url":{"full":["https:\/\/alexmirkhan.com\/wp-content\/uploads\/2025\/04\/617e10d77b87e7edad627e867c0c923c.jpeg",960,640,false],"landscape":["https:\/\/alexmirkhan.com\/wp-content\/uploads\/2025\/04\/617e10d77b87e7edad627e867c0c923c.jpeg",960,640,false],"portraits":["https:\/\/alexmirkhan.com\/wp-content\/uploads\/2025\/04\/617e10d77b87e7edad627e867c0c923c.jpeg",960,640,false],"thumbnail":["https:\/\/alexmirkhan.com\/wp-content\/uploads\/2025\/04\/617e10d77b87e7edad627e867c0c923c-150x150.jpeg",150,150,true],"medium":["https:\/\/alexmirkhan.com\/wp-content\/uploads\/2025\/04\/617e10d77b87e7edad627e867c0c923c-300x200.jpeg",300,200,true],"large":["https:\/\/alexmirkhan.com\/wp-content\/uploads\/2025\/04\/617e10d77b87e7edad627e867c0c923c.jpeg",960,640,false],"1536x1536":["https:\/\/alexmirkhan.com\/wp-content\/uploads\/2025\/04\/617e10d77b87e7edad627e867c0c923c.jpeg",960,640,false],"2048x2048":["https:\/\/alexmirkhan.com\/wp-content\/uploads\/2025\/04\/617e10d77b87e7edad627e867c0c923c.jpeg",960,640,false],"trp-custom-language-flag":["https:\/\/alexmirkhan.com\/wp-content\/uploads\/2025\/04\/617e10d77b87e7edad627e867c0c923c-18x12.jpeg",18,12,true]},"rttpg_author":{"display_name":"Alex Mirkhan","author_link":"https:\/\/alexmirkhan.com\/es\/author\/alex-mirkhan\/"},"rttpg_comment":220,"rttpg_category":"<a href=\"https:\/\/alexmirkhan.com\/es\/category\/ecologia\/\" rel=\"category tag\">Ecolog\u00eda<\/a>","rttpg_excerpt":"Brasilia, 14 feb (EFE).- A pesar de la intenci\u00f3n del presidente estadounidense, Donald Trump, de potenciar la explotaci\u00f3n de recursos f\u00f3siles, Estados Unidos no renunciar\u00e1 a las inversiones en fuentes renovables por su competitividad, afirm\u00f3 el director general de la Agencia Internacional de Energ\u00edas Renovables (Irena), Francesco La Camera. La Camera, que se encuentra de&hellip;","_links":{"self":[{"href":"https:\/\/alexmirkhan.com\/es\/wp-json\/wp\/v2\/posts\/2303","targetHints":{"allow":["GET"]}}],"collection":[{"href":"https:\/\/alexmirkhan.com\/es\/wp-json\/wp\/v2\/posts"}],"about":[{"href":"https:\/\/alexmirkhan.com\/es\/wp-json\/wp\/v2\/types\/post"}],"author":[{"embeddable":true,"href":"https:\/\/alexmirkhan.com\/es\/wp-json\/wp\/v2\/users\/1"}],"replies":[{"embeddable":true,"href":"https:\/\/alexmirkhan.com\/es\/wp-json\/wp\/v2\/comments?post=2303"}],"version-history":[{"count":1,"href":"https:\/\/alexmirkhan.com\/es\/wp-json\/wp\/v2\/posts\/2303\/revisions"}],"predecessor-version":[{"id":2305,"href":"https:\/\/alexmirkhan.com\/es\/wp-json\/wp\/v2\/posts\/2303\/revisions\/2305"}],"wp:featuredmedia":[{"embeddable":true,"href":"https:\/\/alexmirkhan.com\/es\/wp-json\/wp\/v2\/media\/2304"}],"wp:attachment":[{"href":"https:\/\/alexmirkhan.com\/es\/wp-json\/wp\/v2\/media?parent=2303"}],"wp:term":[{"taxonomy":"category","embeddable":true,"href":"https:\/\/alexmirkhan.com\/es\/wp-json\/wp\/v2\/categories?post=2303"},{"taxonomy":"post_tag","embeddable":true,"href":"https:\/\/alexmirkhan.com\/es\/wp-json\/wp\/v2\/tags?post=2303"}],"curies":[{"name":"wp","href":"https:\/\/api.w.org\/{rel}","templated":true}]}}