{"id":2300,"date":"2025-04-10T14:29:40","date_gmt":"2025-04-10T14:29:40","guid":{"rendered":"https:\/\/alexmirkhan.com\/?p=2300"},"modified":"2025-04-10T14:29:40","modified_gmt":"2025-04-10T14:29:40","slug":"retrospectiva-politica-2021-derrotas-aprendizados-e-renascimento-da-esperanca","status":"publish","type":"post","link":"https:\/\/alexmirkhan.com\/es\/retrospectiva-politica-2021-derrotas-aprendizados-e-renascimento-da-esperanca\/","title":{"rendered":"Retrospectiva pol\u00edtica 2021: derrotas, aprendizados e renascimento da esperan\u00e7a"},"content":{"rendered":"<p>J\u00e1 na reta final de 2021, soci\u00f3logos e lideran\u00e7as da esquerda brasileira foram convidados pelo&nbsp;<strong>Brasil de Fato<\/strong>&nbsp;para avaliar os principais acontecimentos pol\u00edticos deste ano e suas consequ\u00eancias para 2022.&nbsp;<\/p>\n\n\n\n<p>O terceiro ano do governo Bolsonaro foi marcado pela CPI da Covid, pela aproxima\u00e7\u00e3o com o centr\u00e3o e&nbsp;<a href=\"https:\/\/www.brasildefato.com.br\/2021\/12\/23\/em-1-mes-lula-cresce-6-pontos-dobra-vantagem-para-bolsonaro-e-chega-a-40-diz-poderdata\" target=\"_blank\" rel=\"noreferrer noopener\">pela volta do ex-presidente Lula \u00e0 cena pol\u00edtica<\/a>. Um cen\u00e1rio marcado pelo confronto de ideias e vers\u00f5es em um pa\u00eds estilha\u00e7ado por crises sociais, econ\u00f4micas, ambientais e sanit\u00e1rias.&nbsp;<\/p>\n\n\n\n<p>Apesar dos m\u00faltiplos focos de diverg\u00eancias espalhados pelo governo de Jair Bolsonaro (PL-RJ), as mais de 618 mil mortes e a amea\u00e7a de novas ondas de contamina\u00e7\u00e3o mantiveram o surto da Covid-19 em alto-relevo na vida dos 212 milh\u00f5es de brasileiros.<\/p>\n\n\n\n<p>Por isso, o principal destaque pol\u00edtico no ano foi a&nbsp;<a href=\"https:\/\/www.brasildefato.com.br\/2021\/10\/26\/cpi-da-covid-aprova-relatorio-final-e-recomenda-indiciamento-de-bolsonaro-e-mais-65-pessoas\" target=\"_blank\" rel=\"noreferrer noopener\">CPI da Covid<\/a>&nbsp;no Senado que se debru\u00e7ou sobre a desastrada condu\u00e7\u00e3o bolsonarista no&nbsp;<a href=\"https:\/\/www.brasildefato.com.br\/minuto-a-minuto\/coronavirus-no-brasil\" target=\"_blank\" rel=\"noreferrer noopener\">enfrentamento da pandemia<\/a>.<\/p>\n\n\n\n<p>\u201cN\u00e3o d\u00e1 para fugir do principal foco de tens\u00e3o que foi a CPI da Covid no Senado. Muita gente falava sobre qual seria o resultado, e o resultado era &nbsp;cotidiano. Teve um tensionamento mesmo do sistema pol\u00edtico, porque era televisionado, existia um apelo ao p\u00fablico, as pessoas seguiam isso no Twitter, na TV Senado, houve recordes de audi\u00eancia na TV Senado\u201d, aponta o soci\u00f3logo Jorge Rodrigues.<\/p>\n\n\n\n<p>Foi no Congresso Nacional, ali\u00e1s, que o bolsonarismo encontrou as bases para defender seus interesses nas mais diversas \u00e1reas. Ap\u00f3s a ascens\u00e3o de Arthur Lira \u00e0 presid\u00eancia da C\u00e2mara, em fevereiro, o embarque oficial do centr\u00e3o no governo foi selado com as nomea\u00e7\u00f5es de Ciro Nogueira \u00e0 Casa Civil e de Fl\u00e1via Arruda \u00e0 Secret\u00e1ria de Governo no fim de julho.<\/p>\n\n\n\n<p>Para Fernanda Melchionna, deputada federal (PSOL-RS), &nbsp;\u201co casamento do centr\u00e3o com a extrema direita\u201d comprometeu qualquer chance de equil\u00edbrio dentro do Congresso e conferiu estabilidade para Bolsonaro. \u201cE a isso se soma a burguesia, que em nome de uma agenda econ\u00f4mica antipovo, mesmo que um setor dela n\u00e3o apoie o negacionismo de Bolsonaro, seguiu dando sustenta\u00e7\u00e3o a um governo criminoso\u201d, critica.<\/p>\n\n\n\n<p>Apesar de relatar dificuldades impostas pelo \u201cgoverno criminoso e sua base pol\u00edtica\u201d, Alexandre Concei\u00e7\u00e3o, dirigente do MST, tamb\u00e9m enaltece a vit\u00f3ria da oposi\u00e7\u00e3o ao conseguir barrar o&nbsp;<a href=\"https:\/\/www.socioambiental.org\/pt-br\/noticias-socioambientais\/cheque-em-branco-para-a-grilagem-pl-2633-segue-ao-senado\" target=\"_blank\" rel=\"noreferrer noopener\">PL da Grilagem<\/a>, que permitiria a regulariza\u00e7\u00e3o da explora\u00e7\u00e3o em terras p\u00fablicas, e o&nbsp;<a href=\"https:\/\/www.brasildefato.com.br\/2021\/06\/25\/pl-do-licenciamento-ambiental-traz-riscos-para-saude-e-meio-ambiente-diz-pesquisador\" target=\"_blank\" rel=\"noreferrer noopener\">PL do Licenciamento Ambiental<\/a>, apelidado de \u201cProjeto de n\u00e3o-licenciamento\u201d. Mesmo assim, ele reconhece que a press\u00e3o pela aprova\u00e7\u00e3o de projetos como esse devem continuar no primeiro semestre de 2022, quando a corrida eleitoral ainda n\u00e3o estar\u00e1 em marcha acelerada.<\/p>\n\n\n\n<p>\u201cEu destacaria a derrota do voto impresso, um espantalho que eles tentaram criar para desacreditar a elei\u00e7\u00e3o, prevendo que perderiam, o PL Antiterrorismo, que eles tentaram votar e que seria uma criminaliza\u00e7\u00e3o brutal, uma m\u00e1quina de perseguir advers\u00e1rios, e o&nbsp;PL 32 que n\u00e3o veio \u00e0 plen\u00e1rio, que \u00e9 a reforma trabalhistas dos servidores p\u00fablicos\u201d, elenca a deputada psolista.<\/p>\n\n\n\n<p>Concei\u00e7\u00e3o tamb\u00e9m comemora uma retomada das manifesta\u00e7\u00f5es populares em 2021, tendo como marco inicial o&nbsp;<a href=\"https:\/\/www.brasildefato.com.br\/2021\/06\/01\/atos-de-29-de-maio-abrem-novo-ciclo-de-lutas-democraticas-avaliam-cientistas-sociais\" target=\"_blank\" rel=\"noreferrer noopener\">ato de 29 de maio<\/a>, quando \u201cmesmo com a pandemia, n\u00f3s fomos \u00e0s ruas do bolsonarismo e demos o primeiro passo para criar uma frente mais ampla poss\u00edvel\u201d.<\/p>\n\n\n\n<p>No bojo do legislativo, ele tamb\u00e9m destaca o suado sucesso, apesar de todos os vetos de Bolsonaro, na aprova\u00e7\u00e3o da Lei Assis de Carvalho, que disp\u00f5e de medidas emergenciais para amparar os agricultores familiares, \u201c\u00fanico segmento que n\u00e3o recebeu um centavo de aux\u00edlio emergencial\u201d, explica.<\/p>\n\n\n\n<p>No apagar das luzes, na \u00faltima sess\u00e3o do plen\u00e1rio da C\u00e2mara, foi aprovado o or\u00e7amento para 2022, que prev\u00ea R$ 4,9 bilh\u00f5es para campanhas e R$ 16,5 bi para indica\u00e7\u00f5es em obras nas bases eleitorais de parlamentares e com reajustes para servidores indicados pelo governo, entre eles os da Pol\u00edcia Federal.<\/p>\n\n\n\n<p>Antes mesmo do epis\u00f3dio final, 41% dos brasileiros j\u00e1 reprovavam a atua\u00e7\u00e3o do Congresso, e apenas 10% aprovavam, de acordo com pesquisa Datafolha divulgada no dia 21 de dezembro.<\/p>\n\n\n\n<p>Em alta<\/p>\n\n\n\n<p>No in\u00edcio de mar\u00e7o, um fato pol\u00edtico de grandes propor\u00e7\u00f5es come\u00e7ou a chacoalhar as estruturas de poder, estabelecidos at\u00e9 ent\u00e3o. O ministro do Superior Tribunal Federal (STF), Edson Fachin, anulou as condena\u00e7\u00f5es do ex-presidente Lula nos processos da Lava Jato de Curitiba, e a decis\u00e3o foi referendada pelo colegiado da Corte no dia 15 de abril.&nbsp;<\/p>\n\n\n\n<p>Assim, a maior lideran\u00e7a de esquerda do pa\u00eds, que fora preso e impedido de disputar as elei\u00e7\u00f5es de 2018, recuperou os direitos pol\u00edticos e se tornou eleg\u00edvel novamente. Com grande exposi\u00e7\u00e3o na m\u00eddia e<a href=\"https:\/\/www.brasildefato.com.br\/2021\/11\/15\/conheca-os-lideres-mundiais-que-lula-esta-encontrando-em-viagem-a-europa\" target=\"_blank\" rel=\"noreferrer noopener\">&nbsp;recepcionado&nbsp;por l\u00edderes mundiais<\/a>, Lula fechou o ano \u00e0 frente de todos os seus principais advers\u00e1rios, de acordo com as principais pesquisas eleitorais.<\/p>\n\n\n\n<p>\u201cN\u00f3s conseguimos, logo no in\u00edcio do ano, recuperar os direitos do Lula. Acho que esse \u00e9 um legado fundamental para 2021. A recupera\u00e7\u00e3o dos direitos pol\u00edticos de Lula que deu \u00e0 esquerda popular progressista unidade de novo na luta pol\u00edtica, na luta social e apontou um caminho\u201d, exalta Concei\u00e7\u00e3o.<\/p>\n\n\n\n<p><img decoding=\"async\" src=\"https:\/\/images02.brasildefato.com.br\/2edb48ec37cf7451549f0f2d23ec7aa0.jpeg\"><br>Expectativa da esquerda em torno da candidatura de Lula encontra respaldo nas pesquisas de inten\u00e7\u00e3o de voto&nbsp;\/ Mauro Pimentel\/AFP<\/p>\n\n\n\n<p>Tratando-se das proje\u00e7\u00f5es para a corrida eleitoral, entende-se, de maneira geral, que a decis\u00e3o do pleito ainda est\u00e1 muito distante e incerta. Mesmo assim, o soci\u00f3logo Luiz Felipe de Faria defende que a ret\u00f3rica de \u201cretorno aos anos felizes\u201d e de concilia\u00e7\u00e3o de classes, adotada pelo petista e por boa parte da esquerda, pode at\u00e9 j\u00e1 ser suficiente para tirar Bolsonaro do poder, mas n\u00e3o conforta a realidade atual da sociedade e dos trabalhadores.&nbsp;<\/p>\n\n\n\n<p>Segundo Faria, n\u00e3o se pode ignorar a ascens\u00e3o de \u201cn\u00facleos de poder econ\u00f4mico com car\u00e1ter majoritariamente predat\u00f3rio, como os de commodities minerais e agr\u00edcolas, que t\u00eam estrat\u00e9gias de poder bastante violentas\u201d.<\/p>\n\n\n\n<p>&nbsp;\u201cEsse \u00e9 o primeiro fen\u00f4meno para a gente localizar para lembrar que o bolsonarismo n\u00e3o acaba em 2022, ele representa uma mudan\u00e7a na estrutura econ\u00f4mica brasileira\u201d, argumenta.<\/p>\n\n\n\n<p><strong><a href=\"https:\/\/www.brasildefato.com.br\/2021\/12\/23\/em-meio-ao-caos-de-2021-movimentos-populares-lembram-vitorias-que-ajudaram-o-povo-brasileiro\" target=\"_blank\" rel=\"noreferrer noopener\">:: Em meio ao caos de 2021, movimentos populares lembram vit\u00f3rias que ajudaram o povo brasileiro ::<\/a><\/strong><\/p>\n\n\n\n<p>O soci\u00f3logo e pesquisador do agroneg\u00f3cio cita dificuldades vividas pelo presidente argentino Alberto Fern\u00e1ndez para implementar o que considera uma \u201cl\u00f3gica neodesenvolvimentista, com a promessa de reindustrializa\u00e7\u00e3o, que j\u00e1 n\u00e3o tem lastro na realidade\u201d. Por isso, em sua opini\u00e3o, se Lula seguir o script, \u201cos pactos v\u00e3o ter que ser mais conservadores para menos conquistas\u201d.<\/p>\n\n\n\n<p>J\u00e1 Concei\u00e7\u00e3o est\u00e1 confiante de que as elei\u00e7\u00f5es de 2022 ser\u00e3o apenas o primeiro passo para um novo per\u00edodo de protagonismo do povo. Ele&nbsp;<a href=\"https:\/\/www.brasildefato.com.br\/2021\/12\/23\/na-america-latina-2021-indica-inicio-da-derrota-do-conservadorismo-no-poder\" target=\"_blank\" rel=\"noreferrer noopener\">acredita que \u201cbons ventos\u201d est\u00e3o vindo da Am\u00e9rica Latina<\/a>&nbsp;para impulsionar o aguardado triunfo de Lula e ampliar o \u201cbalan\u00e7o positivo\u201d do MST com a sociedade em 2021.<\/p>\n\n\n\n<p>\u201cAvan\u00e7amos naquilo que nos propomos sobre reforma agr\u00e1ria, resistimos \u00e0 desocupa\u00e7\u00f5es em todo pa\u00eds, produzimos toneladas de alimentos saud\u00e1veis e tamb\u00e9m distribu\u00edmos parte importante da nossa produ\u00e7\u00e3o para&nbsp;os mais necessitados, j\u00e1 que a fome voltou com tudo\u201d, comenta.<\/p>\n\n\n\n<p>Melchionna lamenta que Bolsonaro n\u00e3o tenha sofrido um processo de impeachment esse ano e lamenta \u201ca sopa pro azar\u201d que \u00e9 uma nova corrida eleitoral contra a extrema-direita, mas afirma: \u201cAgora a tarefa n\u00famero zero, menos um e menos dois \u00e9 derrotar Bolsonaro\u201d.<\/p>","protected":false},"excerpt":{"rendered":"<p>J\u00e1 na reta final de 2021, soci\u00f3logos e lideran\u00e7as da esquerda brasileira foram convidados pelo&nbsp;Brasil de Fato&nbsp;para avaliar os principais acontecimentos pol\u00edticos deste ano e suas consequ\u00eancias para 2022.&nbsp; O terceiro ano do governo Bolsonaro foi marcado pela CPI da Covid, pela aproxima\u00e7\u00e3o com o centr\u00e3o e&nbsp;pela volta do ex-presidente Lula \u00e0 cena pol\u00edtica. Um [&hellip;]<\/p>","protected":false},"author":1,"featured_media":2301,"comment_status":"open","ping_status":"open","sticky":false,"template":"","format":"standard","meta":{"site-sidebar-layout":"default","site-content-layout":"","ast-site-content-layout":"default","site-content-style":"default","site-sidebar-style":"default","ast-global-header-display":"","ast-banner-title-visibility":"","ast-main-header-display":"","ast-hfb-above-header-display":"","ast-hfb-below-header-display":"","ast-hfb-mobile-header-display":"","site-post-title":"","ast-breadcrumbs-content":"","ast-featured-img":"","footer-sml-layout":"","theme-transparent-header-meta":"","adv-header-id-meta":"","stick-header-meta":"","header-above-stick-meta":"","header-main-stick-meta":"","header-below-stick-meta":"","astra-migrate-meta-layouts":"set","ast-page-background-enabled":"default","ast-page-background-meta":{"desktop":{"background-color":"var(--ast-global-color-4)","background-image":"","background-repeat":"repeat","background-position":"center center","background-size":"auto","background-attachment":"scroll","background-type":"","background-media":"","overlay-type":"","overlay-color":"","overlay-gradient":""},"tablet":{"background-color":"","background-image":"","background-repeat":"repeat","background-position":"center center","background-size":"auto","background-attachment":"scroll","background-type":"","background-media":"","overlay-type":"","overlay-color":"","overlay-gradient":""},"mobile":{"background-color":"","background-image":"","background-repeat":"repeat","background-position":"center center","background-size":"auto","background-attachment":"scroll","background-type":"","background-media":"","overlay-type":"","overlay-color":"","overlay-gradient":""}},"ast-content-background-meta":{"desktop":{"background-color":"var(--ast-global-color-5)","background-image":"","background-repeat":"repeat","background-position":"center center","background-size":"auto","background-attachment":"scroll","background-type":"","background-media":"","overlay-type":"","overlay-color":"","overlay-gradient":""},"tablet":{"background-color":"var(--ast-global-color-5)","background-image":"","background-repeat":"repeat","background-position":"center center","background-size":"auto","background-attachment":"scroll","background-type":"","background-media":"","overlay-type":"","overlay-color":"","overlay-gradient":""},"mobile":{"background-color":"var(--ast-global-color-5)","background-image":"","background-repeat":"repeat","background-position":"center center","background-size":"auto","background-attachment":"scroll","background-type":"","background-media":"","overlay-type":"","overlay-color":"","overlay-gradient":""}},"footnotes":""},"categories":[19],"tags":[],"class_list":["post-2300","post","type-post","status-publish","format-standard","has-post-thumbnail","hentry","category-politica"],"rttpg_featured_image_url":{"full":["https:\/\/alexmirkhan.com\/wp-content\/uploads\/2025\/04\/image_processing20211022-13537-1yjhdc6.webp",640,427,false],"landscape":["https:\/\/alexmirkhan.com\/wp-content\/uploads\/2025\/04\/image_processing20211022-13537-1yjhdc6.webp",640,427,false],"portraits":["https:\/\/alexmirkhan.com\/wp-content\/uploads\/2025\/04\/image_processing20211022-13537-1yjhdc6.webp",640,427,false],"thumbnail":["https:\/\/alexmirkhan.com\/wp-content\/uploads\/2025\/04\/image_processing20211022-13537-1yjhdc6-150x150.webp",150,150,true],"medium":["https:\/\/alexmirkhan.com\/wp-content\/uploads\/2025\/04\/image_processing20211022-13537-1yjhdc6-300x200.webp",300,200,true],"large":["https:\/\/alexmirkhan.com\/wp-content\/uploads\/2025\/04\/image_processing20211022-13537-1yjhdc6.webp",640,427,false],"1536x1536":["https:\/\/alexmirkhan.com\/wp-content\/uploads\/2025\/04\/image_processing20211022-13537-1yjhdc6.webp",640,427,false],"2048x2048":["https:\/\/alexmirkhan.com\/wp-content\/uploads\/2025\/04\/image_processing20211022-13537-1yjhdc6.webp",640,427,false],"trp-custom-language-flag":["https:\/\/alexmirkhan.com\/wp-content\/uploads\/2025\/04\/image_processing20211022-13537-1yjhdc6-18x12.webp",18,12,true]},"rttpg_author":{"display_name":"Alex Mirkhan","author_link":"https:\/\/alexmirkhan.com\/es\/author\/alex-mirkhan\/"},"rttpg_comment":197,"rttpg_category":"<a href=\"https:\/\/alexmirkhan.com\/es\/category\/politica\/\" rel=\"category tag\">pol\u00edtica<\/a>","rttpg_excerpt":"J\u00e1 na reta final de 2021, soci\u00f3logos e lideran\u00e7as da esquerda brasileira foram convidados pelo&nbsp;Brasil de Fato&nbsp;para avaliar os principais acontecimentos pol\u00edticos deste ano e suas consequ\u00eancias para 2022.&nbsp; O terceiro ano do governo Bolsonaro foi marcado pela CPI da Covid, pela aproxima\u00e7\u00e3o com o centr\u00e3o e&nbsp;pela volta do ex-presidente Lula \u00e0 cena pol\u00edtica. Um&hellip;","_links":{"self":[{"href":"https:\/\/alexmirkhan.com\/es\/wp-json\/wp\/v2\/posts\/2300","targetHints":{"allow":["GET"]}}],"collection":[{"href":"https:\/\/alexmirkhan.com\/es\/wp-json\/wp\/v2\/posts"}],"about":[{"href":"https:\/\/alexmirkhan.com\/es\/wp-json\/wp\/v2\/types\/post"}],"author":[{"embeddable":true,"href":"https:\/\/alexmirkhan.com\/es\/wp-json\/wp\/v2\/users\/1"}],"replies":[{"embeddable":true,"href":"https:\/\/alexmirkhan.com\/es\/wp-json\/wp\/v2\/comments?post=2300"}],"version-history":[{"count":1,"href":"https:\/\/alexmirkhan.com\/es\/wp-json\/wp\/v2\/posts\/2300\/revisions"}],"predecessor-version":[{"id":2302,"href":"https:\/\/alexmirkhan.com\/es\/wp-json\/wp\/v2\/posts\/2300\/revisions\/2302"}],"wp:featuredmedia":[{"embeddable":true,"href":"https:\/\/alexmirkhan.com\/es\/wp-json\/wp\/v2\/media\/2301"}],"wp:attachment":[{"href":"https:\/\/alexmirkhan.com\/es\/wp-json\/wp\/v2\/media?parent=2300"}],"wp:term":[{"taxonomy":"category","embeddable":true,"href":"https:\/\/alexmirkhan.com\/es\/wp-json\/wp\/v2\/categories?post=2300"},{"taxonomy":"post_tag","embeddable":true,"href":"https:\/\/alexmirkhan.com\/es\/wp-json\/wp\/v2\/tags?post=2300"}],"curies":[{"name":"wp","href":"https:\/\/api.w.org\/{rel}","templated":true}]}}